{"id":2897,"date":"2025-04-24T10:38:15","date_gmt":"2025-04-24T08:38:15","guid":{"rendered":"https:\/\/www.nitsche-farben.de\/web\/?p=2897"},"modified":"2026-02-16T13:48:36","modified_gmt":"2026-02-16T12:48:36","slug":"azubi-gesucht","status":"publish","type":"post","link":"https:\/\/www.nitsche-farben.de\/web\/2025\/04\/24\/azubi-gesucht\/","title":{"rendered":"Azubi gesucht!"},"content":{"rendered":"<p><em>Du suchst noch einen Ausbildungsplatz? &#8211; Bewirb dich bei uns!<\/em><\/p>\n<p><strong>Kaufmann\/-frau im Gro\u00df- und Au\u00dfenhandels-<br \/>\nmanagement (Fachrichtung Gro\u00dfhandel) <\/strong><em>(m\/w\/d)<\/em><strong><br \/>\n<\/strong><\/p>\n<p>oder<\/p>\n<p><strong>Fachkraft f\u00fcr Lagerlogistik <\/strong> <em>(m\/w\/d)<\/em><\/p>\n<p><strong><u>Dich erwartet:<br \/>\n<\/u><\/strong>Wir sind ein familiengef\u00fchrtes Gro\u00dfhandelsunternehmen mit Sitz in Balve (NRW) und<br \/>\nweiteren Niederlassungen in Cottbus (Brandenburg) und Demitz-Thumitz (Sachsen).<\/p>\n<p>Du arbeitest vom ersten Tag an im Team und \u00fcbernimmst verantwortungsvolle Aufgaben.<\/p>\n<p><strong><u>Das bringst du mit:<\/u><\/strong><\/p>\n<ul>\n<li>Realschulabschluss\/ Abitur \/ Fachabitur<\/li>\n<li><span class=\"a_GcMg font-feature-liga-off font-feature-clig-off font-feature-calt-off text-decoration-none text-strikethrough-none\">Teamgeist, Eigeninitiative, Organisationstalent, Kommunikationsst\u00e4rke und <\/span><span class=\"a_GcMg font-feature-liga-off font-feature-clig-off font-feature-calt-off text-decoration-none text-strikethrough-none\">technisches Verst\u00e4ndnis<\/span><\/li>\n<\/ul>\n<p><strong><u>Das bieten wir Dir:<\/u><\/strong><\/p>\n<ul>\n<li>Einen Arbeitsplatz in unterst\u00fctzender Atmosph\u00e4re und eine abwechslungsreiche Ausbildung<\/li>\n<li>\u00dcbernahme in ein festes Arbeitsverh\u00e4ltnis nach der Ausbildung w\u00fcnschenswert<\/li>\n<li>Soziale Leistungen wie Urlaubs- und Weihnachtsgeld, 30 Tage Urlaub<\/li>\n<li>Verm\u00f6genswirksame Leistungen<\/li>\n<li>drei potenzielle Standorte (Balve \/ Cottbus \/ Demitz-Thumitz)<\/li>\n<\/ul>\n<p><strong>Nicht z\u00f6gern, wir freuen uns auf deine Bewerbung!<\/strong><\/p>\n","protected":false},"excerpt":{"rendered":"<p>Du suchst noch einen Ausbildungsplatz? &#8211; Bewirb dich bei uns! Kaufmann\/-frau im Gro\u00df- und Au\u00dfenhandels- management (Fachrichtung Gro\u00dfhandel) (m\/w\/d) oder Fachkraft f\u00fcr Lagerlogistik (m\/w\/d) Dich erwartet: Wir sind ein familiengef\u00fchrtes Gro\u00dfhandelsunternehmen mit Sitz in Balve (NRW) und weiteren Niederlassungen in Cottbus (Brandenburg) und Demitz-Thumitz (Sachsen). Du arbeitest vom ersten Tag an im Team und \u00fcbernimmst [&hellip;]<\/p>\n","protected":false},"author":8,"featured_media":2931,"comment_status":"closed","ping_status":"closed","sticky":false,"template":"","format":"standard","meta":[],"categories":[1,148],"tags":[],"yoast_head":"<!-- This site is optimized with the Yoast SEO plugin v19.14 - https:\/\/yoast.com\/wordpress\/plugins\/seo\/ -->\n<title>Azubi gesucht! &ndash; Nitsche Farben<\/title>\n<meta name=\"description\" content=\"Die Nitsche Farben GmbH ist ein Gro\u00dfhandelshaus f\u00fcr Farben, Lacke, Bodenbeschichtungen, Grundierungen, Spachtelmassen, Kleber, Bodenbel\u00e4ge und vieles mehr. Wie bieten Kataloge, Magazine und Downloads auf unserer Internetseite an. Informieren Sie sich \u00fcber unser Sortiment und Karriere-Chancen.\" \/>\n<meta name=\"robots\" content=\"index, follow, max-snippet:-1, max-image-preview:large, max-video-preview:-1\" \/>\n<link rel=\"canonical\" href=\"https:\/\/www.nitsche-farben.de\/web\/2025\/04\/24\/azubi-gesucht\/\" \/>\n<meta property=\"og:locale\" content=\"de_DE\" \/>\n<meta property=\"og:type\" content=\"article\" \/>\n<meta property=\"og:title\" content=\"Azubi gesucht! &ndash; Nitsche Farben\" \/>\n<meta property=\"og:description\" content=\"Die Nitsche Farben GmbH ist ein Gro\u00dfhandelshaus f\u00fcr Farben, Lacke, Bodenbeschichtungen, Grundierungen, Spachtelmassen, Kleber, Bodenbel\u00e4ge und vieles mehr. Wie bieten Kataloge, Magazine und Downloads auf unserer Internetseite an. Informieren Sie sich \u00fcber unser Sortiment und Karriere-Chancen.\" \/>\n<meta property=\"og:url\" content=\"https:\/\/www.nitsche-farben.de\/web\/2025\/04\/24\/azubi-gesucht\/\" \/>\n<meta property=\"og:site_name\" content=\"Nitsche Farben\" \/>\n<meta property=\"article:published_time\" content=\"2025-04-24T08:38:15+00:00\" \/>\n<meta property=\"article:modified_time\" content=\"2026-02-16T12:48:36+00:00\" \/>\n<meta property=\"og:image\" content=\"https:\/\/www.nitsche-farben.de\/web\/wp-content\/uploads\/2025\/09\/Stellenanzeige-Azubi-Nitsche-Titelbild.png\" \/>\n\t<meta property=\"og:image:width\" content=\"729\" \/>\n\t<meta property=\"og:image:height\" content=\"462\" \/>\n\t<meta property=\"og:image:type\" content=\"image\/png\" \/>\n<meta name=\"author\" content=\"Niko Bl\u00fcggel\" \/>\n<meta name=\"twitter:card\" content=\"summary_large_image\" \/>\n<meta name=\"twitter:label1\" content=\"Verfasst von\" \/>\n\t<meta name=\"twitter:data1\" content=\"Niko Bl\u00fcggel\" \/>\n\t<meta name=\"twitter:label2\" content=\"Gesch\u00e4tzte Lesezeit\" \/>\n\t<meta name=\"twitter:data2\" content=\"1\u00a0Minute\" \/>\n<script type=\"application\/ld+json\" class=\"yoast-schema-graph\">{\"@context\":\"https:\/\/schema.org\",\"@graph\":[{\"@type\":\"Article\",\"@id\":\"https:\/\/www.nitsche-farben.de\/web\/2025\/04\/24\/azubi-gesucht\/#article\",\"isPartOf\":{\"@id\":\"https:\/\/www.nitsche-farben.de\/web\/2025\/04\/24\/azubi-gesucht\/\"},\"author\":{\"name\":\"Niko Bl\u00fcggel\",\"@id\":\"https:\/\/www.nitsche-farben.de\/web\/#\/schema\/person\/3f146714e005632d091d65bb0f5a97a3\"},\"headline\":\"Azubi gesucht!\",\"datePublished\":\"2025-04-24T08:38:15+00:00\",\"dateModified\":\"2026-02-16T12:48:36+00:00\",\"mainEntityOfPage\":{\"@id\":\"https:\/\/www.nitsche-farben.de\/web\/2025\/04\/24\/azubi-gesucht\/\"},\"wordCount\":138,\"publisher\":{\"@id\":\"https:\/\/www.nitsche-farben.de\/web\/#organization\"},\"articleSection\":[\"News\",\"Top-Startseite\"],\"inLanguage\":\"de\"},{\"@type\":\"WebPage\",\"@id\":\"https:\/\/www.nitsche-farben.de\/web\/2025\/04\/24\/azubi-gesucht\/\",\"url\":\"https:\/\/www.nitsche-farben.de\/web\/2025\/04\/24\/azubi-gesucht\/\",\"name\":\"Azubi gesucht! &ndash; Nitsche Farben\",\"isPartOf\":{\"@id\":\"https:\/\/www.nitsche-farben.de\/web\/#website\"},\"datePublished\":\"2025-04-24T08:38:15+00:00\",\"dateModified\":\"2026-02-16T12:48:36+00:00\",\"description\":\"Die Nitsche Farben GmbH ist ein Gro\u00dfhandelshaus f\u00fcr Farben, Lacke, Bodenbeschichtungen, Grundierungen, Spachtelmassen, Kleber, Bodenbel\u00e4ge und vieles mehr. Wie bieten Kataloge, Magazine und Downloads auf unserer Internetseite an. Informieren Sie sich \u00fcber unser Sortiment und Karriere-Chancen.\",\"breadcrumb\":{\"@id\":\"https:\/\/www.nitsche-farben.de\/web\/2025\/04\/24\/azubi-gesucht\/#breadcrumb\"},\"inLanguage\":\"de\",\"potentialAction\":[{\"@type\":\"ReadAction\",\"target\":[\"https:\/\/www.nitsche-farben.de\/web\/2025\/04\/24\/azubi-gesucht\/\"]}]},{\"@type\":\"BreadcrumbList\",\"@id\":\"https:\/\/www.nitsche-farben.de\/web\/2025\/04\/24\/azubi-gesucht\/#breadcrumb\",\"itemListElement\":[{\"@type\":\"ListItem\",\"position\":1,\"name\":\"Home\",\"item\":\"https:\/\/www.nitsche-farben.de\/web\/\"},{\"@type\":\"ListItem\",\"position\":2,\"name\":\"Azubi gesucht!\"}]},{\"@type\":\"WebSite\",\"@id\":\"https:\/\/www.nitsche-farben.de\/web\/#website\",\"url\":\"https:\/\/www.nitsche-farben.de\/web\/\",\"name\":\"Nitsche Farben\",\"description\":\"Herzlich willkommen\",\"publisher\":{\"@id\":\"https:\/\/www.nitsche-farben.de\/web\/#organization\"},\"potentialAction\":[{\"@type\":\"SearchAction\",\"target\":{\"@type\":\"EntryPoint\",\"urlTemplate\":\"https:\/\/www.nitsche-farben.de\/web\/?s={search_term_string}\"},\"query-input\":\"required name=search_term_string\"}],\"inLanguage\":\"de\"},{\"@type\":\"Organization\",\"@id\":\"https:\/\/www.nitsche-farben.de\/web\/#organization\",\"name\":\"Nitsche Farben GmbH & Co. KG\",\"url\":\"https:\/\/www.nitsche-farben.de\/web\/\",\"logo\":{\"@type\":\"ImageObject\",\"inLanguage\":\"de\",\"@id\":\"https:\/\/www.nitsche-farben.de\/web\/#\/schema\/logo\/image\/\",\"url\":\"https:\/\/www.nitsche-farben.de\/web\/wp-content\/uploads\/2015\/12\/logo2.png\",\"contentUrl\":\"https:\/\/www.nitsche-farben.de\/web\/wp-content\/uploads\/2015\/12\/logo2.png\",\"width\":1000,\"height\":282,\"caption\":\"Nitsche Farben GmbH & Co. KG\"},\"image\":{\"@id\":\"https:\/\/www.nitsche-farben.de\/web\/#\/schema\/logo\/image\/\"}},{\"@type\":\"Person\",\"@id\":\"https:\/\/www.nitsche-farben.de\/web\/#\/schema\/person\/3f146714e005632d091d65bb0f5a97a3\",\"name\":\"Niko Bl\u00fcggel\",\"image\":{\"@type\":\"ImageObject\",\"inLanguage\":\"de\",\"@id\":\"https:\/\/www.nitsche-farben.de\/web\/#\/schema\/person\/image\/\",\"url\":\"https:\/\/secure.gravatar.com\/avatar\/40bfb827323c512ac019280359bbad5c?s=96&d=mm&r=g\",\"contentUrl\":\"https:\/\/secure.gravatar.com\/avatar\/40bfb827323c512ac019280359bbad5c?s=96&d=mm&r=g\",\"caption\":\"Niko Bl\u00fcggel\"},\"url\":\"https:\/\/www.nitsche-farben.de\/web\/author\/nblueggel\/\"}]}<\/script>\n<!-- \/ Yoast SEO plugin. -->","yoast_head_json":{"title":"Azubi gesucht! &ndash; Nitsche Farben","description":"Die Nitsche Farben GmbH ist ein Gro\u00dfhandelshaus f\u00fcr Farben, Lacke, Bodenbeschichtungen, Grundierungen, Spachtelmassen, Kleber, Bodenbel\u00e4ge und vieles mehr. Wie bieten Kataloge, Magazine und Downloads auf unserer Internetseite an. Informieren Sie sich \u00fcber unser Sortiment und Karriere-Chancen.","robots":{"index":"index","follow":"follow","max-snippet":"max-snippet:-1","max-image-preview":"max-image-preview:large","max-video-preview":"max-video-preview:-1"},"canonical":"https:\/\/www.nitsche-farben.de\/web\/2025\/04\/24\/azubi-gesucht\/","og_locale":"de_DE","og_type":"article","og_title":"Azubi gesucht! &ndash; Nitsche Farben","og_description":"Die Nitsche Farben GmbH ist ein Gro\u00dfhandelshaus f\u00fcr Farben, Lacke, Bodenbeschichtungen, Grundierungen, Spachtelmassen, Kleber, Bodenbel\u00e4ge und vieles mehr. Wie bieten Kataloge, Magazine und Downloads auf unserer Internetseite an. Informieren Sie sich \u00fcber unser Sortiment und Karriere-Chancen.","og_url":"https:\/\/www.nitsche-farben.de\/web\/2025\/04\/24\/azubi-gesucht\/","og_site_name":"Nitsche Farben","article_published_time":"2025-04-24T08:38:15+00:00","article_modified_time":"2026-02-16T12:48:36+00:00","og_image":[{"width":729,"height":462,"url":"https:\/\/www.nitsche-farben.de\/web\/wp-content\/uploads\/2025\/09\/Stellenanzeige-Azubi-Nitsche-Titelbild.png","type":"image\/png"}],"author":"Niko Bl\u00fcggel","twitter_card":"summary_large_image","twitter_misc":{"Verfasst von":"Niko Bl\u00fcggel","Gesch\u00e4tzte Lesezeit":"1\u00a0Minute"},"schema":{"@context":"https:\/\/schema.org","@graph":[{"@type":"Article","@id":"https:\/\/www.nitsche-farben.de\/web\/2025\/04\/24\/azubi-gesucht\/#article","isPartOf":{"@id":"https:\/\/www.nitsche-farben.de\/web\/2025\/04\/24\/azubi-gesucht\/"},"author":{"name":"Niko Bl\u00fcggel","@id":"https:\/\/www.nitsche-farben.de\/web\/#\/schema\/person\/3f146714e005632d091d65bb0f5a97a3"},"headline":"Azubi gesucht!","datePublished":"2025-04-24T08:38:15+00:00","dateModified":"2026-02-16T12:48:36+00:00","mainEntityOfPage":{"@id":"https:\/\/www.nitsche-farben.de\/web\/2025\/04\/24\/azubi-gesucht\/"},"wordCount":138,"publisher":{"@id":"https:\/\/www.nitsche-farben.de\/web\/#organization"},"articleSection":["News","Top-Startseite"],"inLanguage":"de"},{"@type":"WebPage","@id":"https:\/\/www.nitsche-farben.de\/web\/2025\/04\/24\/azubi-gesucht\/","url":"https:\/\/www.nitsche-farben.de\/web\/2025\/04\/24\/azubi-gesucht\/","name":"Azubi gesucht! &ndash; Nitsche Farben","isPartOf":{"@id":"https:\/\/www.nitsche-farben.de\/web\/#website"},"datePublished":"2025-04-24T08:38:15+00:00","dateModified":"2026-02-16T12:48:36+00:00","description":"Die Nitsche Farben GmbH ist ein Gro\u00dfhandelshaus f\u00fcr Farben, Lacke, Bodenbeschichtungen, Grundierungen, Spachtelmassen, Kleber, Bodenbel\u00e4ge und vieles mehr. Wie bieten Kataloge, Magazine und Downloads auf unserer Internetseite an. Informieren Sie sich \u00fcber unser Sortiment und Karriere-Chancen.","breadcrumb":{"@id":"https:\/\/www.nitsche-farben.de\/web\/2025\/04\/24\/azubi-gesucht\/#breadcrumb"},"inLanguage":"de","potentialAction":[{"@type":"ReadAction","target":["https:\/\/www.nitsche-farben.de\/web\/2025\/04\/24\/azubi-gesucht\/"]}]},{"@type":"BreadcrumbList","@id":"https:\/\/www.nitsche-farben.de\/web\/2025\/04\/24\/azubi-gesucht\/#breadcrumb","itemListElement":[{"@type":"ListItem","position":1,"name":"Home","item":"https:\/\/www.nitsche-farben.de\/web\/"},{"@type":"ListItem","position":2,"name":"Azubi gesucht!"}]},{"@type":"WebSite","@id":"https:\/\/www.nitsche-farben.de\/web\/#website","url":"https:\/\/www.nitsche-farben.de\/web\/","name":"Nitsche Farben","description":"Herzlich willkommen","publisher":{"@id":"https:\/\/www.nitsche-farben.de\/web\/#organization"},"potentialAction":[{"@type":"SearchAction","target":{"@type":"EntryPoint","urlTemplate":"https:\/\/www.nitsche-farben.de\/web\/?s={search_term_string}"},"query-input":"required name=search_term_string"}],"inLanguage":"de"},{"@type":"Organization","@id":"https:\/\/www.nitsche-farben.de\/web\/#organization","name":"Nitsche Farben GmbH & Co. KG","url":"https:\/\/www.nitsche-farben.de\/web\/","logo":{"@type":"ImageObject","inLanguage":"de","@id":"https:\/\/www.nitsche-farben.de\/web\/#\/schema\/logo\/image\/","url":"https:\/\/www.nitsche-farben.de\/web\/wp-content\/uploads\/2015\/12\/logo2.png","contentUrl":"https:\/\/www.nitsche-farben.de\/web\/wp-content\/uploads\/2015\/12\/logo2.png","width":1000,"height":282,"caption":"Nitsche Farben GmbH & Co. KG"},"image":{"@id":"https:\/\/www.nitsche-farben.de\/web\/#\/schema\/logo\/image\/"}},{"@type":"Person","@id":"https:\/\/www.nitsche-farben.de\/web\/#\/schema\/person\/3f146714e005632d091d65bb0f5a97a3","name":"Niko Bl\u00fcggel","image":{"@type":"ImageObject","inLanguage":"de","@id":"https:\/\/www.nitsche-farben.de\/web\/#\/schema\/person\/image\/","url":"https:\/\/secure.gravatar.com\/avatar\/40bfb827323c512ac019280359bbad5c?s=96&d=mm&r=g","contentUrl":"https:\/\/secure.gravatar.com\/avatar\/40bfb827323c512ac019280359bbad5c?s=96&d=mm&r=g","caption":"Niko Bl\u00fcggel"},"url":"https:\/\/www.nitsche-farben.de\/web\/author\/nblueggel\/"}]}},"_links":{"self":[{"href":"https:\/\/www.nitsche-farben.de\/web\/wp-json\/wp\/v2\/posts\/2897"}],"collection":[{"href":"https:\/\/www.nitsche-farben.de\/web\/wp-json\/wp\/v2\/posts"}],"about":[{"href":"https:\/\/www.nitsche-farben.de\/web\/wp-json\/wp\/v2\/types\/post"}],"author":[{"embeddable":true,"href":"https:\/\/www.nitsche-farben.de\/web\/wp-json\/wp\/v2\/users\/8"}],"replies":[{"embeddable":true,"href":"https:\/\/www.nitsche-farben.de\/web\/wp-json\/wp\/v2\/comments?post=2897"}],"version-history":[{"count":4,"href":"https:\/\/www.nitsche-farben.de\/web\/wp-json\/wp\/v2\/posts\/2897\/revisions"}],"predecessor-version":[{"id":2967,"href":"https:\/\/www.nitsche-farben.de\/web\/wp-json\/wp\/v2\/posts\/2897\/revisions\/2967"}],"wp:featuredmedia":[{"embeddable":true,"href":"https:\/\/www.nitsche-farben.de\/web\/wp-json\/wp\/v2\/media\/2931"}],"wp:attachment":[{"href":"https:\/\/www.nitsche-farben.de\/web\/wp-json\/wp\/v2\/media?parent=2897"}],"wp:term":[{"taxonomy":"category","embeddable":true,"href":"https:\/\/www.nitsche-farben.de\/web\/wp-json\/wp\/v2\/categories?post=2897"},{"taxonomy":"post_tag","embeddable":true,"href":"https:\/\/www.nitsche-farben.de\/web\/wp-json\/wp\/v2\/tags?post=2897"}],"curies":[{"name":"wp","href":"https:\/\/api.w.org\/{rel}","templated":true}]}}